{"id":1452,"date":"2022-12-15T09:11:58","date_gmt":"2022-12-15T07:11:58","guid":{"rendered":"https:\/\/jvg.lv\/new\/?p=1452"},"modified":"2022-12-15T09:19:45","modified_gmt":"2022-12-15T07:19:45","slug":"skolenu-pasparvaldes-prezidenta-prieksvelesanu-debates","status":"publish","type":"post","link":"https:\/\/jvg.lv\/new\/?p=1452","title":{"rendered":"Skol\u0113nu pa\u0161p\u0101rvaldes prezidenta priek\u0161v\u0113l\u0113\u0161anu debates"},"content":{"rendered":"\n<p>14. decembr\u012b \u0123imn\u0101zij\u0101 norisin\u0101j\u0101s jaun\u0101s skol\u0113nu pa\u0161p\u0101rvaldes prezidenta priek\u0161v\u0113l\u0113\u0161anu debates, pulc\u0113jot pilnu z\u0101li interesentu. Kandid\u0101ti iepaz\u012bstin\u0101ja kl\u0101teso\u0161os ar savu komandu, inform\u0113ja par m\u0113r\u0137iem, iecer\u0113m un turpm\u0101k\u0101s darb\u012bbas priorit\u0101t\u0113m.<br>Patiess prieks gan par kandid\u0101tu iecer\u0113m, nopietno attieksmi un cie\u0146u pret savu skolu, gan jaut\u0101jumu kvalit\u0101ti un skol\u0113nu ieinteres\u0113t\u012bbu \u0123imn\u0101zijas sabiedriskaj\u0101 dz\u012bv\u0113.<br>Jau 20. decembr\u012b notiks prezidenta v\u0113l\u0113\u0161anas.<\/p>\n\n\n\n<figure class=\"wp-block-image aligncenter size-medium\"><a href=\"https:\/\/jvg.lv\/new\/wp-content\/uploads\/2022\/12\/IMG-20221214-WA0016.jpg\"><img loading=\"lazy\" decoding=\"async\" width=\"267\" height=\"300\" src=\"https:\/\/jvg.lv\/new\/wp-content\/uploads\/2022\/12\/IMG-20221214-WA0016-267x300.jpg\" alt=\"\" class=\"wp-image-1457\" srcset=\"https:\/\/jvg.lv\/new\/wp-content\/uploads\/2022\/12\/IMG-20221214-WA0016-267x300.jpg 267w, https:\/\/jvg.lv\/new\/wp-content\/uploads\/2022\/12\/IMG-20221214-WA0016-910x1024.jpg 910w, https:\/\/jvg.lv\/new\/wp-content\/uploads\/2022\/12\/IMG-20221214-WA0016-768x864.jpg 768w, https:\/\/jvg.lv\/new\/wp-content\/uploads\/2022\/12\/IMG-20221214-WA0016.jpg 1362w\" sizes=\"auto, (max-width: 267px) 100vw, 267px\" \/><\/a><\/figure>\n","protected":false},"excerpt":{"rendered":"<p>14. decembr\u012b \u0123imn\u0101zij\u0101 norisin\u0101j\u0101s jaun\u0101s skol\u0113nu pa\u0161p\u0101rvaldes prezidenta priek\u0161v\u0113l\u0113\u0161anu debates, pulc\u0113jot pilnu z\u0101li interesentu. Kandid\u0101ti iepaz\u012bstin\u0101ja kl\u0101teso\u0161os ar savu komandu, [&hellip;]<\/p>\n","protected":false},"author":2,"featured_media":1453,"comment_status":"closed","ping_status":"open","sticky":false,"template":"","format":"standard","meta":{"ngg_post_thumbnail":0,"footnotes":""},"categories":[1,10],"tags":[],"class_list":["post-1452","post","type-post","status-publish","format-standard","has-post-thumbnail","hentry","category-aktualitates","category-pasakumi"],"_links":{"self":[{"href":"https:\/\/jvg.lv\/new\/index.php?rest_route=\/wp\/v2\/posts\/1452","targetHints":{"allow":["GET"]}}],"collection":[{"href":"https:\/\/jvg.lv\/new\/index.php?rest_route=\/wp\/v2\/posts"}],"about":[{"href":"https:\/\/jvg.lv\/new\/index.php?rest_route=\/wp\/v2\/types\/post"}],"author":[{"embeddable":true,"href":"https:\/\/jvg.lv\/new\/index.php?rest_route=\/wp\/v2\/users\/2"}],"replies":[{"embeddable":true,"href":"https:\/\/jvg.lv\/new\/index.php?rest_route=%2Fwp%2Fv2%2Fcomments&post=1452"}],"version-history":[{"count":3,"href":"https:\/\/jvg.lv\/new\/index.php?rest_route=\/wp\/v2\/posts\/1452\/revisions"}],"predecessor-version":[{"id":1459,"href":"https:\/\/jvg.lv\/new\/index.php?rest_route=\/wp\/v2\/posts\/1452\/revisions\/1459"}],"wp:featuredmedia":[{"embeddable":true,"href":"https:\/\/jvg.lv\/new\/index.php?rest_route=\/wp\/v2\/media\/1453"}],"wp:attachment":[{"href":"https:\/\/jvg.lv\/new\/index.php?rest_route=%2Fwp%2Fv2%2Fmedia&parent=1452"}],"wp:term":[{"taxonomy":"category","embeddable":true,"href":"https:\/\/jvg.lv\/new\/index.php?rest_route=%2Fwp%2Fv2%2Fcategories&post=1452"},{"taxonomy":"post_tag","embeddable":true,"href":"https:\/\/jvg.lv\/new\/index.php?rest_route=%2Fwp%2Fv2%2Ftags&post=1452"}],"curies":[{"name":"wp","href":"https:\/\/api.w.org\/{rel}","templated":true}]}}